{"id":3244,"date":"2023-12-05T17:02:16","date_gmt":"2023-12-05T16:02:16","guid":{"rendered":"http:\/\/www.sermaisepatrimoine.fr\/?p=3244"},"modified":"2023-12-07T08:52:10","modified_gmt":"2023-12-07T07:52:10","slug":"restauration-des-peintures-du-chemin-de-croix-saison-3","status":"publish","type":"post","link":"http:\/\/www.sermaisepatrimoine.fr\/index.php\/2023\/12\/05\/restauration-des-peintures-du-chemin-de-croix-saison-3\/","title":{"rendered":"Restauration des peintures du chemin de croix, saison 3."},"content":{"rendered":"\n<p>Depuis d\u00e9but 2021, nous cherchions mon \u00e9pouse, pr\u00e9sidente de l&rsquo;association \u00ab\u00a0Sauvons le patrimoine de Sermaise\u00a0\u00bb et moi-m\u00eame, une solution pour tenter de restaurer les peintures du chemin de croix, stock\u00e9es dans du papier journal et empil\u00e9es sans pr\u00e9cautions dans des cartons.<\/p>\n\n\n<div class=\"wp-block-image\">\n<figure class=\"aligncenter size-large\"><img decoding=\"async\" loading=\"lazy\" width=\"1024\" height=\"254\" src=\"http:\/\/www.sermaisepatrimoine.fr\/wp-content\/uploads\/2023\/12\/Image8-1024x254.png\" alt=\"\" class=\"wp-image-3259\" srcset=\"http:\/\/www.sermaisepatrimoine.fr\/wp-content\/uploads\/2023\/12\/Image8-1024x254.png 1024w, http:\/\/www.sermaisepatrimoine.fr\/wp-content\/uploads\/2023\/12\/Image8-300x75.png 300w, http:\/\/www.sermaisepatrimoine.fr\/wp-content\/uploads\/2023\/12\/Image8-768x191.png 768w, http:\/\/www.sermaisepatrimoine.fr\/wp-content\/uploads\/2023\/12\/Image8-1536x382.png 1536w, http:\/\/www.sermaisepatrimoine.fr\/wp-content\/uploads\/2023\/12\/Image8.png 1851w\" sizes=\"(max-width: 1024px) 100vw, 1024px\" \/><figcaption class=\"wp-element-caption\"><em>Peintures les plus d\u00e9grad\u00e9es.<\/em><\/figcaption><\/figure><\/div>\n\n\n<p>En septembre 2021, je suivais avec le plus grand int\u00e9r\u00eat le diagnostic des d\u00e9cors peints de notre \u00e9glise r\u00e9alis\u00e9 \u00e0 la demande de la DRAC par Aur\u00e9lie Nicolaus. Alors me vient l&rsquo;id\u00e9e de lui demander si elle pouvait nous conseiller pour trouver un avenir \u00e0 ces 12 stations (2 manquent \u00e0 l&rsquo;appel), retrouv\u00e9es comme pr\u00e9cit\u00e9es dans la sacristie. Aur\u00e9lie Nicolaus, par ailleurs ma\u00eetre de conf\u00e9rences associ\u00e9 et responsable de la sp\u00e9cialit\u00e9 Peinture au sein de l&rsquo;universit\u00e9 de Paris 1 Panth\u00e9on-Sorbonne, manifeste tout de suite son int\u00e9r\u00eat et propose alors  que soit envisag\u00e9 le pr\u00eat des dites peintures qui constitueraient alors un support \u00e0 l\u2019enseignement pratique de la restauration de la sp\u00e9cialit\u00e9 peinture. Ces travaux pratiques consisteraient en une observation des tableaux, une recherche documentaire, des constats d\u2019\u00e9tat approfondis et de diagnostics puis \u00e0 des propositions de restaurations et enfin aux restaurations proprement dites. Une convention est alors sign\u00e9e avec la municipalit\u00e9 en octobre 2021. <\/p>\n\n\n\n<p>Nous sommes enthousiastes \u00e0 cette id\u00e9e et allons suivre ce projet \u00e0 toutes ses \u00e9tapes. <\/p>\n\n\n\n<p>Malgr\u00e9 nos invitations plus larges, nous serons tous les deux les seuls pr\u00e9sents et ce avec le plus grand plaisir \u00e0 toutes les restitutions, celles des mois de d\u00e9cembre 2021 et 2022 pour se retrouver pour cette troisi\u00e8me saison le 30 novembre 2023, avec ce coup-ci pl\u00e9thore de pr\u00e9sents de circonstance, ce en quoi nous nous en f\u00e9licitons. <\/p>\n\n\n\n<p>Apr\u00e8s l&rsquo;accueil chaleureux d&rsquo;Aur\u00e9lie Nicolaus c&rsquo;est avec grande joie que nous retrouvons en salle pl\u00e9ni\u00e8re, Romane, L\u00e9onie, Clara et Lison pour une pr\u00e9sentation de leurs travaux r\u00e9alis\u00e9s sur ces 3 ann\u00e9es d&rsquo;enseignement. Il s&rsquo;agit cette ann\u00e9e de faire une synth\u00e8se des diff\u00e9rentes \u00e9tapes en zoomant plus particuli\u00e8rement sur celles de restaurations (re fixage de la couche picturale, d\u00e9crassage de la toile, all\u00e8gement du vernis, remise de la toile dans le plan pour retrouver une plan\u00e9it\u00e9, restauration du ch\u00e2ssis,  remise en tension de la toile sur le ch\u00e2ssis par des agrafes, comblements des lacunes de peinture, vernissage pour r\u00e9hydrater les fibres de la toile et restaurer les couleurs et pour finir, restauration de la couche picturale).<\/p>\n\n\n\n<p>Au niveau des lacunes parfois tr\u00e8s importantes le dessin est reconstitu\u00e9 \u00e0 partir de repr\u00e9sentations similaires de la maison Alcan. <\/p>\n\n\n<div class=\"wp-block-image\">\n<figure class=\"aligncenter size-large\"><img decoding=\"async\" loading=\"lazy\" width=\"1024\" height=\"337\" src=\"http:\/\/www.sermaisepatrimoine.fr\/wp-content\/uploads\/2023\/12\/Image1-1024x337.png\" alt=\"\" class=\"wp-image-3245\" srcset=\"http:\/\/www.sermaisepatrimoine.fr\/wp-content\/uploads\/2023\/12\/Image1-1024x337.png 1024w, http:\/\/www.sermaisepatrimoine.fr\/wp-content\/uploads\/2023\/12\/Image1-300x99.png 300w, http:\/\/www.sermaisepatrimoine.fr\/wp-content\/uploads\/2023\/12\/Image1-768x253.png 768w, http:\/\/www.sermaisepatrimoine.fr\/wp-content\/uploads\/2023\/12\/Image1-1536x506.png 1536w, http:\/\/www.sermaisepatrimoine.fr\/wp-content\/uploads\/2023\/12\/Image1-1400x460.png 1400w, http:\/\/www.sermaisepatrimoine.fr\/wp-content\/uploads\/2023\/12\/Image1.png 1818w\" sizes=\"(max-width: 1024px) 100vw, 1024px\" \/><figcaption class=\"wp-element-caption\"><em>Pr\u00e9sentation en salle pl\u00e9ni\u00e8re des \u00e9tudiantes ave<\/em>c <em>l&rsquo;avancement des travaux sur les 12 stations.<\/em><\/figcaption><\/figure><\/div>\n\n<div class=\"wp-block-image\">\n<figure class=\"aligncenter size-large\"><img decoding=\"async\" loading=\"lazy\" width=\"1024\" height=\"337\" src=\"http:\/\/www.sermaisepatrimoine.fr\/wp-content\/uploads\/2023\/12\/Image2-1024x337.png\" alt=\"\" class=\"wp-image-3246\" srcset=\"http:\/\/www.sermaisepatrimoine.fr\/wp-content\/uploads\/2023\/12\/Image2-1024x337.png 1024w, http:\/\/www.sermaisepatrimoine.fr\/wp-content\/uploads\/2023\/12\/Image2-300x99.png 300w, http:\/\/www.sermaisepatrimoine.fr\/wp-content\/uploads\/2023\/12\/Image2-768x252.png 768w, http:\/\/www.sermaisepatrimoine.fr\/wp-content\/uploads\/2023\/12\/Image2-1536x505.png 1536w, http:\/\/www.sermaisepatrimoine.fr\/wp-content\/uploads\/2023\/12\/Image2-1400x460.png 1400w, http:\/\/www.sermaisepatrimoine.fr\/wp-content\/uploads\/2023\/12\/Image2.png 1816w\" sizes=\"(max-width: 1024px) 100vw, 1024px\" \/><figcaption class=\"wp-element-caption\"><em>Avant et apr\u00e8s restauration, de la nuit au grand jour.<\/em><\/figcaption><\/figure><\/div>\n\n<div class=\"wp-block-image\">\n<figure class=\"aligncenter size-large is-resized\"><img decoding=\"async\" loading=\"lazy\" src=\"http:\/\/www.sermaisepatrimoine.fr\/wp-content\/uploads\/2023\/12\/DSC_5994-1024x684.jpg\" alt=\"\" class=\"wp-image-3249\" width=\"840\" height=\"561\" srcset=\"http:\/\/www.sermaisepatrimoine.fr\/wp-content\/uploads\/2023\/12\/DSC_5994-1024x684.jpg 1024w, http:\/\/www.sermaisepatrimoine.fr\/wp-content\/uploads\/2023\/12\/DSC_5994-300x200.jpg 300w, http:\/\/www.sermaisepatrimoine.fr\/wp-content\/uploads\/2023\/12\/DSC_5994-768x513.jpg 768w, http:\/\/www.sermaisepatrimoine.fr\/wp-content\/uploads\/2023\/12\/DSC_5994-1536x1025.jpg 1536w, http:\/\/www.sermaisepatrimoine.fr\/wp-content\/uploads\/2023\/12\/DSC_5994-2048x1367.jpg 2048w\" sizes=\"(max-width: 840px) 100vw, 840px\" \/><figcaption class=\"wp-element-caption\"><em>Autour d&rsquo;Aur\u00e9lie Nicolaus, les \u00e9tudiantes en 3eme ann\u00e9e de Master<\/em> 1, <em>conservation, restauration des biens culturels. <\/em><\/figcaption><\/figure><\/div>\n\n\n<p>Nous sommes ensuite invit\u00e9s dans l&rsquo;atelier o\u00f9 sont expos\u00e9es les peintures qui sont pr\u00e9sent\u00e9es et comment\u00e9es par chacune des \u00e9tudiantes. Au travers des \u00e9changes, nous pouvons appr\u00e9cier chez elles \u00e0 la fois une forte motivation mais aussi de la passion pour leurs travaux. Elles deviendront assur\u00e9ment de grandes professionnelles de la restauration de peinture. <\/p>\n\n\n<div class=\"wp-block-image\">\n<figure class=\"aligncenter size-large\"><img decoding=\"async\" loading=\"lazy\" width=\"1024\" height=\"276\" src=\"http:\/\/www.sermaisepatrimoine.fr\/wp-content\/uploads\/2023\/12\/Image7-1024x276.png\" alt=\"\" class=\"wp-image-3252\" srcset=\"http:\/\/www.sermaisepatrimoine.fr\/wp-content\/uploads\/2023\/12\/Image7-1024x276.png 1024w, http:\/\/www.sermaisepatrimoine.fr\/wp-content\/uploads\/2023\/12\/Image7-300x81.png 300w, http:\/\/www.sermaisepatrimoine.fr\/wp-content\/uploads\/2023\/12\/Image7-768x207.png 768w, http:\/\/www.sermaisepatrimoine.fr\/wp-content\/uploads\/2023\/12\/Image7-1536x414.png 1536w, http:\/\/www.sermaisepatrimoine.fr\/wp-content\/uploads\/2023\/12\/Image7.png 1868w\" sizes=\"(max-width: 1024px) 100vw, 1024px\" \/><figcaption class=\"wp-element-caption\"><em>Pr\u00e9sentation par les \u00e9tudiantes de l&rsquo;avancement de leurs restaurations<\/em>, <em>libres \u00e9changes.<\/em><\/figcaption><\/figure><\/div>\n\n\n<p>Les quelques photos ci-apr\u00e8s mettent en \u00e9vidence un travail remarquable, on peut parler pour ces peintures de renaissance voire, osons le terme, de r\u00e9surrection. <\/p>\n\n\n<div class=\"wp-block-image is-style-default\">\n<figure class=\"aligncenter size-full is-resized\"><img decoding=\"async\" loading=\"lazy\" src=\"http:\/\/www.sermaisepatrimoine.fr\/wp-content\/uploads\/2023\/12\/Image3-1.png\" alt=\"\" class=\"wp-image-3257\" width=\"728\" height=\"545\" srcset=\"http:\/\/www.sermaisepatrimoine.fr\/wp-content\/uploads\/2023\/12\/Image3-1.png 971w, http:\/\/www.sermaisepatrimoine.fr\/wp-content\/uploads\/2023\/12\/Image3-1-300x224.png 300w, http:\/\/www.sermaisepatrimoine.fr\/wp-content\/uploads\/2023\/12\/Image3-1-768x574.png 768w\" sizes=\"(max-width: 728px) 100vw, 728px\" \/><figcaption class=\"wp-element-caption\"><em>Stations restaur\u00e9es, I J\u00e9sus condamn\u00e9 \u00e0 mort et VII J\u00e9sus tombe pour la seconde fois.<\/em><\/figcaption><\/figure><\/div>\n\n<div class=\"wp-block-image\">\n<figure class=\"aligncenter size-full is-resized\"><img decoding=\"async\" loading=\"lazy\" src=\"http:\/\/www.sermaisepatrimoine.fr\/wp-content\/uploads\/2023\/12\/Image4-1.png\" alt=\"\" class=\"wp-image-3258\" width=\"731\" height=\"545\" srcset=\"http:\/\/www.sermaisepatrimoine.fr\/wp-content\/uploads\/2023\/12\/Image4-1.png 974w, http:\/\/www.sermaisepatrimoine.fr\/wp-content\/uploads\/2023\/12\/Image4-1-300x224.png 300w, http:\/\/www.sermaisepatrimoine.fr\/wp-content\/uploads\/2023\/12\/Image4-1-768x573.png 768w\" sizes=\"(max-width: 731px) 100vw, 731px\" \/><figcaption class=\"wp-element-caption\"><em>Stations restaur\u00e9es, IX J\u00e9sus tombe pour la troisi\u00e8me fois et  XII J\u00e9sus meurt sur la croix.<\/em><\/figcaption><\/figure><\/div>\n\n<div class=\"wp-block-image\">\n<figure class=\"aligncenter size-large\"><img decoding=\"async\" loading=\"lazy\" width=\"684\" height=\"1024\" src=\"http:\/\/www.sermaisepatrimoine.fr\/wp-content\/uploads\/2023\/12\/DSC_5993-684x1024.jpg\" alt=\"\" class=\"wp-image-3250\" srcset=\"http:\/\/www.sermaisepatrimoine.fr\/wp-content\/uploads\/2023\/12\/DSC_5993-684x1024.jpg 684w, http:\/\/www.sermaisepatrimoine.fr\/wp-content\/uploads\/2023\/12\/DSC_5993-200x300.jpg 200w, http:\/\/www.sermaisepatrimoine.fr\/wp-content\/uploads\/2023\/12\/DSC_5993-768x1150.jpg 768w, http:\/\/www.sermaisepatrimoine.fr\/wp-content\/uploads\/2023\/12\/DSC_5993-1025x1536.jpg 1025w, http:\/\/www.sermaisepatrimoine.fr\/wp-content\/uploads\/2023\/12\/DSC_5993-1367x2048.jpg 1367w, http:\/\/www.sermaisepatrimoine.fr\/wp-content\/uploads\/2023\/12\/DSC_5993-scaled.jpg 1709w\" sizes=\"(max-width: 684px) 100vw, 684px\" \/><figcaption class=\"wp-element-caption\"><em>Gros plan station VII restaur\u00e9e, J\u00e9sus tombe pour la seconde fois.<\/em><\/figcaption><\/figure><\/div>\n\n<div class=\"wp-block-image\">\n<figure class=\"aligncenter size-large\"><img decoding=\"async\" loading=\"lazy\" width=\"684\" height=\"1024\" src=\"http:\/\/www.sermaisepatrimoine.fr\/wp-content\/uploads\/2023\/12\/DSC_5992-684x1024.jpg\" alt=\"\" class=\"wp-image-3251\" srcset=\"http:\/\/www.sermaisepatrimoine.fr\/wp-content\/uploads\/2023\/12\/DSC_5992-684x1024.jpg 684w, http:\/\/www.sermaisepatrimoine.fr\/wp-content\/uploads\/2023\/12\/DSC_5992-200x300.jpg 200w, http:\/\/www.sermaisepatrimoine.fr\/wp-content\/uploads\/2023\/12\/DSC_5992-768x1150.jpg 768w, http:\/\/www.sermaisepatrimoine.fr\/wp-content\/uploads\/2023\/12\/DSC_5992-1025x1536.jpg 1025w, http:\/\/www.sermaisepatrimoine.fr\/wp-content\/uploads\/2023\/12\/DSC_5992-1367x2048.jpg 1367w, http:\/\/www.sermaisepatrimoine.fr\/wp-content\/uploads\/2023\/12\/DSC_5992-scaled.jpg 1709w\" sizes=\"(max-width: 684px) 100vw, 684px\" \/><figcaption class=\"wp-element-caption\"><em><em>Gros plan station<\/em> XII restaur\u00e9e, J\u00e9sus meurt sur la croix.<\/em><\/figcaption><\/figure><\/div>\n\n\n<p>Le projet sera finalis\u00e9 en fin d&rsquo;ann\u00e9e universitaire 2024 2025 et il ne restera qu&rsquo;\u00e0 planifier la date d&rsquo;un \u00e9v\u00e9nement \u00ab\u00a0vernissage\u00a0\u00bb en notre \u00e9glise pour lequel notre association sera heureuse d&rsquo;inviter autour d&rsquo;un buffet \u00ab\u00a0pique-nique ou go\u00fbter Madame Aur\u00e9lie Nicolaus et toutes les \u00e9tudiantes ayant particip\u00e9 \u00e0 ces restaurations. Alors rendez-vous au d\u00e9but de l&rsquo;\u00e9t\u00e9 2025.<\/p>\n\n\n\n<p>Avant cet \u00e9v\u00e8nement il nous reste \u00e0 trouver une solution pour refabriquer 12 cadres, les originaux \u00e9tant tr\u00e8s d\u00e9grad\u00e9s. Un exemplaire a \u00e9t\u00e9 pr\u00eater \u00e0 Aur\u00e9lie, qui s&rsquo;est propos\u00e9e de consulter des encadreurs menuisiers pour nous trouver une solution en bois \u00ab\u00a0brut\u00a0\u00bb ou color\u00e9 ton ocre \u00ab\u00a0or\u00a0\u00bb.  Nous lui laissons l&rsquo;exclusivit\u00e9 de la d\u00e9marche sachant que dans cette hypoth\u00e8se les toiles seraient mises dans les cadres \u00ab\u00a0par ses soins\u00a0\u00bb. Cette action \u00e9tant depuis longtemps inscrite au registre de  notre association, cette derni\u00e8re la financera seule en part propre ou avec pour partie une \u00e9ventuelle subvention de la municipalit\u00e9.<\/p>\n\n\n\n<p>Enfin, si nous trouvons d&rsquo;autres peintures \u00e0 restaurer, Aur\u00e9lie pourrait \u00eatre int\u00e9ress\u00e9e pour les ann\u00e9es \u00e0 venir&#8230; \u00e0 bon entendeur&#8230;<\/p>\n\n\n<div class=\"wp-block-image\">\n<figure class=\"aligncenter size-large\"><img decoding=\"async\" loading=\"lazy\" width=\"1024\" height=\"684\" src=\"http:\/\/www.sermaisepatrimoine.fr\/wp-content\/uploads\/2023\/12\/DSC_5997-1024x684.jpg\" alt=\"\" class=\"wp-image-3260\" srcset=\"http:\/\/www.sermaisepatrimoine.fr\/wp-content\/uploads\/2023\/12\/DSC_5997-1024x684.jpg 1024w, http:\/\/www.sermaisepatrimoine.fr\/wp-content\/uploads\/2023\/12\/DSC_5997-300x200.jpg 300w, http:\/\/www.sermaisepatrimoine.fr\/wp-content\/uploads\/2023\/12\/DSC_5997-768x513.jpg 768w, http:\/\/www.sermaisepatrimoine.fr\/wp-content\/uploads\/2023\/12\/DSC_5997-1536x1025.jpg 1536w, http:\/\/www.sermaisepatrimoine.fr\/wp-content\/uploads\/2023\/12\/DSC_5997-2048x1367.jpg 2048w\" sizes=\"(max-width: 1024px) 100vw, 1024px\" \/><figcaption class=\"wp-element-caption\"><em>Photo de \u00ab\u00a0famille\u00a0\u00bb, toute l&rsquo;\u00e9quipe avec Madame le maire et notre pr\u00e9sidente<\/em>.<\/figcaption><\/figure><\/div>\n\n\n<p>Alors encore tous nos remerciements \u00e0 toute l&rsquo;\u00e9quipe et \u00e0 tr\u00e8s bient\u00f4t jusqu&rsquo;\u00e0 la finalisation compl\u00e8te de ce projet.<\/p>\n\n\n\n<p>Notre pr\u00e9sidente et moi m\u00eame vous souhaitons de bonnes f\u00eates de fin d\u2019ann\u00e9e.<\/p>\n\n\n\n<p>Patrick Daviot.<\/p>\n","protected":false},"excerpt":{"rendered":"<p>Depuis d\u00e9but 2021, nous cherchions mon \u00e9pouse, pr\u00e9sidente de l&rsquo;association \u00ab\u00a0Sauvons le patrimoine de Sermaise\u00a0\u00bb et moi-m\u00eame, une solution pour tenter de restaurer les peintures du chemin de croix, stock\u00e9es dans du papier journal et empil\u00e9es sans pr\u00e9cautions dans des&hellip; <\/p>\n","protected":false},"author":7,"featured_media":0,"comment_status":"open","ping_status":"closed","sticky":false,"template":"","format":"standard","meta":{"_mi_skip_tracking":false},"categories":[1],"tags":[],"aioseo_notices":[],"_links":{"self":[{"href":"http:\/\/www.sermaisepatrimoine.fr\/index.php\/wp-json\/wp\/v2\/posts\/3244"}],"collection":[{"href":"http:\/\/www.sermaisepatrimoine.fr\/index.php\/wp-json\/wp\/v2\/posts"}],"about":[{"href":"http:\/\/www.sermaisepatrimoine.fr\/index.php\/wp-json\/wp\/v2\/types\/post"}],"author":[{"embeddable":true,"href":"http:\/\/www.sermaisepatrimoine.fr\/index.php\/wp-json\/wp\/v2\/users\/7"}],"replies":[{"embeddable":true,"href":"http:\/\/www.sermaisepatrimoine.fr\/index.php\/wp-json\/wp\/v2\/comments?post=3244"}],"version-history":[{"count":22,"href":"http:\/\/www.sermaisepatrimoine.fr\/index.php\/wp-json\/wp\/v2\/posts\/3244\/revisions"}],"predecessor-version":[{"id":3280,"href":"http:\/\/www.sermaisepatrimoine.fr\/index.php\/wp-json\/wp\/v2\/posts\/3244\/revisions\/3280"}],"wp:attachment":[{"href":"http:\/\/www.sermaisepatrimoine.fr\/index.php\/wp-json\/wp\/v2\/media?parent=3244"}],"wp:term":[{"taxonomy":"category","embeddable":true,"href":"http:\/\/www.sermaisepatrimoine.fr\/index.php\/wp-json\/wp\/v2\/categories?post=3244"},{"taxonomy":"post_tag","embeddable":true,"href":"http:\/\/www.sermaisepatrimoine.fr\/index.php\/wp-json\/wp\/v2\/tags?post=3244"}],"curies":[{"name":"wp","href":"https:\/\/api.w.org\/{rel}","templated":true}]}}