{"id":1951,"date":"2022-03-30T09:15:04","date_gmt":"2022-03-30T08:15:04","guid":{"rendered":"http:\/\/www.sermaisepatrimoine.fr\/?p=1951"},"modified":"2022-03-30T10:05:42","modified_gmt":"2022-03-30T09:05:42","slug":"la-sortie-du-tunnel-notre-plan-dactions-pour-2022","status":"publish","type":"post","link":"http:\/\/www.sermaisepatrimoine.fr\/index.php\/2022\/03\/30\/la-sortie-du-tunnel-notre-plan-dactions-pour-2022\/","title":{"rendered":"La sortie du tunnel!&#8230; notre plan d&rsquo;actions pour 2022."},"content":{"rendered":"\n<div class=\"wp-block-image\"><figure class=\"aligncenter size-full\"><img decoding=\"async\" loading=\"lazy\" width=\"739\" height=\"167\" src=\"http:\/\/www.sermaisepatrimoine.fr\/wp-content\/uploads\/2022\/03\/image-2.png\" alt=\"\" class=\"wp-image-1962\" srcset=\"http:\/\/www.sermaisepatrimoine.fr\/wp-content\/uploads\/2022\/03\/image-2.png 739w, http:\/\/www.sermaisepatrimoine.fr\/wp-content\/uploads\/2022\/03\/image-2-300x68.png 300w\" sizes=\"(max-width: 739px) 100vw, 739px\" \/><\/figure><\/div>\n\n\n\n<p>Chers adh\u00e9rents, donateurs, Sarmates ou Sermaisiens*, lecteurs,<\/p>\n\n\n\n<p>Des nouvelles r\u00e9centes, locales et nationales, nous montrent que cette pand\u00e9mie s&rsquo; invite encore parmi nous. Dans ces conditions, il est bien difficile de rebondir et de planifier des \u00e9v\u00e8nements en public de surcroit avec des personnes \u00e2g\u00e9es ou fragiles.<\/p>\n\n\n\n<p>Pour autant nous sommes, nous l&rsquo;esp\u00e9rons, \u00e0 la veille de la sortie de ce long tunnel de plus de deux ann\u00e9es fortement perturb\u00e9es et le temps est venu de vous proposer notre plan d&rsquo;actions pour 2022.<\/p>\n\n\n\n<p>Ce plan d&rsquo;actions que vous retrouverez en pi\u00e8ce jointe vous a \u00e9t\u00e9 diffus\u00e9 dans le m\u00eame temps que les br\u00e8ves de Sermaise de mars en appui d&rsquo;un article qui faisait appel, pour l&rsquo;association, aux bonnes volont\u00e9s de chacun d&rsquo;entre vous. <\/p>\n\n\n\n<p>En effet notre association compte sur le soutien de tous, adh\u00e9rents, donateurs (dons d\u00e9fiscalis\u00e9s), m\u00e9c\u00e8nes, b\u00e9n\u00e9voles particuliers, artisans ou d\u2019entreprises dans le cadre de micro-chantiers, pour mener \u00e0 bien son programme tout en participant \u00e0 l\u2019animation du village.<\/p>\n\n\n\n<p><\/p>\n\n\n\n<div class=\"wp-block-image\"><figure class=\"aligncenter size-full\"><img decoding=\"async\" loading=\"lazy\" width=\"755\" height=\"183\" src=\"http:\/\/www.sermaisepatrimoine.fr\/wp-content\/uploads\/2022\/03\/image-4.png\" alt=\"\" class=\"wp-image-1964\" srcset=\"http:\/\/www.sermaisepatrimoine.fr\/wp-content\/uploads\/2022\/03\/image-4.png 755w, http:\/\/www.sermaisepatrimoine.fr\/wp-content\/uploads\/2022\/03\/image-4-300x73.png 300w\" sizes=\"(max-width: 755px) 100vw, 755px\" \/><\/figure><\/div>\n\n\n\n<p class=\"has-text-align-left\">Pour les micro-chantiers, nous vous les pr\u00e9senterons prochainement dans un article qui y sera exclusivement consacr\u00e9. Pour certains d&rsquo;entre eux nous ne manqueront pas de vous solliciter.  <\/p>\n\n\n\n<p class=\"has-text-align-left\">Par ailleurs nous vous invitons \u00e0 renouveler votre adh\u00e9sion pour cette ann\u00e9e et serions heureux de compter parmi nous de nouveaux adh\u00e9rents. Vous trouverez en pi\u00e8ce jointe le bulletin 2022 et tous, par avance, nous vous en remercions. Une assembl\u00e9e g\u00e9n\u00e9rale sera programm\u00e9e avant l&rsquo;\u00e9t\u00e9.<\/p>\n\n\n\n<p class=\"has-text-align-left\">Enfin, nous vous rappelons que les dons sont d\u00e9fiscalis\u00e9s \u00e0 hauteur de 66%. Ainsi un don de 50\u20ac donne droit \u00e0 un abattement de 33\u20ac au titre de l\u2019imp\u00f4t sur le revenu et la d\u00e9pense r\u00e9elle n&rsquo;est donc que de 17\u20ac. Un re\u00e7u vous sera remis ou adresser par retour.&nbsp;&nbsp;<em>&nbsp;<\/em><\/p>\n\n\n\n<div class=\"wp-block-image\"><figure class=\"aligncenter size-full\"><img decoding=\"async\" loading=\"lazy\" width=\"753\" height=\"167\" src=\"http:\/\/www.sermaisepatrimoine.fr\/wp-content\/uploads\/2022\/03\/image-3.png\" alt=\"\" class=\"wp-image-1963\" srcset=\"http:\/\/www.sermaisepatrimoine.fr\/wp-content\/uploads\/2022\/03\/image-3.png 753w, http:\/\/www.sermaisepatrimoine.fr\/wp-content\/uploads\/2022\/03\/image-3-300x67.png 300w\" sizes=\"(max-width: 753px) 100vw, 753px\" \/><\/figure><\/div>\n\n\n\n<p>Nous pr\u00e9parons actuellement deux \u00e9v\u00e8nements en soir\u00e9e, un concert de musique celtique le 14 mai et la Randodine le le 10 septembre, \u00e0 vos agendas pour bloquer ces cr\u00e9neaux. Ces deux \u00e9v\u00e8nements feront l&rsquo;objet d&rsquo;articles et de campagnes de communication.<\/p>\n\n\n\n<p>En ces premiers jours de printemps, nous sommes heureux de renouer le contact avec vous.<\/p>\n\n\n\n<p>Isabelle et Patrick Daviot.<\/p>\n\n\n\n<p><em>*Sarmates ou  Sermaisiens, nous retrouvons ces deux noms pour nommer les habitants de Sermaise, mais lequel est le bon, \u00e0 vous de nous \u00e9clairer.  <\/em><\/p>\n\n\n\n<div class=\"wp-block-file\"><a href=\"http:\/\/www.sermaisepatrimoine.fr\/wp-content\/uploads\/2022\/03\/Programme-dactions-2022-Sauvons-le-patrimoine-de-Sermaise.pdf\">Programme-dactions-2022-Sauvons-le-patrimoine-de-Sermaise<\/a><a href=\"http:\/\/www.sermaisepatrimoine.fr\/wp-content\/uploads\/2022\/03\/Programme-dactions-2022-Sauvons-le-patrimoine-de-Sermaise.pdf\" class=\"wp-block-file__button\" download>T\u00e9l\u00e9charger<\/a><\/div>\n\n\n\n<div class=\"wp-block-file\"><a href=\"http:\/\/www.sermaisepatrimoine.fr\/wp-content\/uploads\/2022\/03\/Bulletin-dadhesion-don-2022-Sauvons-le-patrimoine-de-Sermaise.pdf\">Bulletin-dadhesion-don-2022-Sauvons-le-patrimoine-de-Sermaise<\/a><a href=\"http:\/\/www.sermaisepatrimoine.fr\/wp-content\/uploads\/2022\/03\/Bulletin-dadhesion-don-2022-Sauvons-le-patrimoine-de-Sermaise.pdf\" class=\"wp-block-file__button\" download>T\u00e9l\u00e9charger<\/a><\/div>\n","protected":false},"excerpt":{"rendered":"<p>Chers adh\u00e9rents, donateurs, Sarmates ou Sermaisiens*, lecteurs, Des nouvelles r\u00e9centes, locales et nationales, nous montrent que cette pand\u00e9mie s&rsquo; invite encore parmi nous. Dans ces conditions, il est bien difficile de rebondir et de planifier des \u00e9v\u00e8nements en public de&hellip; <\/p>\n","protected":false},"author":7,"featured_media":0,"comment_status":"open","ping_status":"closed","sticky":false,"template":"","format":"standard","meta":{"_mi_skip_tracking":false},"categories":[1],"tags":[],"aioseo_notices":[],"_links":{"self":[{"href":"http:\/\/www.sermaisepatrimoine.fr\/index.php\/wp-json\/wp\/v2\/posts\/1951"}],"collection":[{"href":"http:\/\/www.sermaisepatrimoine.fr\/index.php\/wp-json\/wp\/v2\/posts"}],"about":[{"href":"http:\/\/www.sermaisepatrimoine.fr\/index.php\/wp-json\/wp\/v2\/types\/post"}],"author":[{"embeddable":true,"href":"http:\/\/www.sermaisepatrimoine.fr\/index.php\/wp-json\/wp\/v2\/users\/7"}],"replies":[{"embeddable":true,"href":"http:\/\/www.sermaisepatrimoine.fr\/index.php\/wp-json\/wp\/v2\/comments?post=1951"}],"version-history":[{"count":20,"href":"http:\/\/www.sermaisepatrimoine.fr\/index.php\/wp-json\/wp\/v2\/posts\/1951\/revisions"}],"predecessor-version":[{"id":1983,"href":"http:\/\/www.sermaisepatrimoine.fr\/index.php\/wp-json\/wp\/v2\/posts\/1951\/revisions\/1983"}],"wp:attachment":[{"href":"http:\/\/www.sermaisepatrimoine.fr\/index.php\/wp-json\/wp\/v2\/media?parent=1951"}],"wp:term":[{"taxonomy":"category","embeddable":true,"href":"http:\/\/www.sermaisepatrimoine.fr\/index.php\/wp-json\/wp\/v2\/categories?post=1951"},{"taxonomy":"post_tag","embeddable":true,"href":"http:\/\/www.sermaisepatrimoine.fr\/index.php\/wp-json\/wp\/v2\/tags?post=1951"}],"curies":[{"name":"wp","href":"https:\/\/api.w.org\/{rel}","templated":true}]}}